{"id":531,"date":"2024-01-07T22:39:30","date_gmt":"2024-01-07T21:39:30","guid":{"rendered":"https:\/\/leschilkerz.com\/?p=531"},"modified":"2024-01-07T22:39:30","modified_gmt":"2024-01-07T21:39:30","slug":"randonnee-au-piton-des-neiges","status":"publish","type":"post","link":"https:\/\/leschilkerz.com\/index.php\/2024\/01\/07\/randonnee-au-piton-des-neiges\/","title":{"rendered":"Randonn\u00e9e au Piton des neiges"},"content":{"rendered":"\n<p>Le Piton des neiges est une randonn\u00e9e mythique qui vous permettra d&rsquo;atteindre le toit de l&rsquo;\u00eele et de l&rsquo;oc\u00e9an Indien. <\/p>\n\n\n\n<p>Il s&rsquo;agit d&rsquo;une randonn\u00e9e class\u00e9e comme \u00ab\u00a0tr\u00e8s difficile\u00a0\u00bb, mais en prenant votre temps, nous ne doutons pas qu&rsquo;elle sera \u00e0 votre port\u00e9e !<\/p>\n\n\n\n<p>Le temps de marche indiqu\u00e9, aller-retour, est de 8 heures. Attention, si, comme nous, vous \u00eates un randonneur de vacances, comptez plut\u00f4t 10 ou 12 heures (pauses comprises) pour atteindre le sommet et redescendre. Aussi, on vous recommande une nuit au g\u00eete (voir ci-dessous). Ainsi, vous pourrez atteindre le sommet le lendemain pour le lever du soleil.<\/p>\n\n\n\n<p>Le d\u00e9nivel\u00e9 positif est de 1700 m\u00e8tres et la distance de marche est d&rsquo;un peu plus de 15 kilom\u00e8tres.<\/p>\n\n\n\n<ul class=\"wp-block-list\">\n<li>Organisation logistique<\/li>\n<\/ul>\n\n\n\n<p>1\/ Les logements<\/p>\n\n\n\n<p>Si vous souhaitez dormir \u00e0 Cilaos la veille de votre d\u00e9part, nous vous recommandons l&rsquo;h\u00f4tel <a href=\"https:\/\/www.levieuxcep.re\">Le Vieux Cep<\/a> qui dispose d&rsquo;une vue imprenable sur les pourtours du Cirque de Cilaos. Le restaurant de l&rsquo;h\u00f4tel, L&rsquo;Isabelle, est \u00e9galement tr\u00e8s bon ! La sp\u00e9cialit\u00e9 du village, c&rsquo;est les lentilles. <\/p>\n\n\n\n<p>Pour la nuit de votre randonn\u00e9e (si vous souhaitez couper la mont\u00e9e par une nuit au g\u00eete), il n&rsquo;existe qu&rsquo;un seul refuge qu&rsquo;il faut ABSOLUMENT r\u00e9server. Il s&rsquo;agit du g\u00eete de la caverne Dufour, que vous pouvez r\u00e9server en cliquant <a href=\"https:\/\/www.reunion.fr\/offres\/refuge-de-la-caverne-dufour-piton-des-neiges-cilaos-fr-558654\/\">ICI.<\/a> Concernant ce refuge, nous avons aim\u00e9 la possibilit\u00e9 d&rsquo;acheter eau, bi\u00e8re ou encore barres chocolat\u00e9es (en liquide uniquement), ainsi que de pouvoir d\u00eener sur place (\u00e0 r\u00e9server). Mais il nous a \u00e9t\u00e9 impossible de dormir dans ces dortoirs de 15 personnes, \u00e9clair\u00e9s par une lumi\u00e8re d&rsquo;issue de secours et d\u00e9rang\u00e9s par des randonneurs-squatteurs qui envahissent la salle \u00e0 manger et les toilettes d\u00e8s 1h du matin. Pr\u00e9parez vous \u00e0 passer une nuit blanche !<\/p>\n\n\n\n<p>2\/ Les \u00e9quipements<\/p>\n\n\n\n<p>Pr\u00e9voir 2 \u00e0 3 litres d&rsquo;eau par personne, en sachant qu&rsquo;au bout d&rsquo;1h30 de mont\u00e9e, il existe un point d&rsquo;eau de source o\u00f9 vous pourrez remplir vos gourdes.<\/p>\n\n\n\n<p>Pour la nuit au g\u00eete, un \u00ab\u00a0sac \u00e0 viande\u00a0\u00bb (drap-housse fin, en coton) est suffisant, mais si vous avez de la place, vous serez tout confort avec un sac de couchage. En effet, les couvertures sont fournies, mais pas les draps. Pensez aussi aux boules quies et \u00e0 un bandeau pour les yeux. <\/p>\n\n\n\n<p>Des b\u00e2tons de marche sont un vrai plus ! <\/p>\n\n\n\n<p>Prenez des v\u00eatements chauds, car au sommet, il fait assez froid ! <\/p>\n\n\n\n<ul class=\"wp-block-list\">\n<li>Notre aventure en vid\u00e9o<\/li>\n<\/ul>\n\n\n\n<figure class=\"wp-block-embed is-type-video is-provider-youtube wp-block-embed-youtube wp-embed-aspect-16-9 wp-has-aspect-ratio\"><div class=\"wp-block-embed__wrapper\">\n<iframe loading=\"lazy\" title=\"Randonn\u00e9e au Piton des neiges\" width=\"950\" height=\"534\" src=\"https:\/\/www.youtube.com\/embed\/tyXDW8WOZqk?feature=oembed\" frameborder=\"0\" allow=\"accelerometer; autoplay; clipboard-write; encrypted-media; gyroscope; picture-in-picture; web-share\" allowfullscreen><\/iframe>\n<\/div><\/figure>\n\n\n\n<ul class=\"wp-block-list\">\n<li>Notre d\u00e9roul\u00e9<\/li>\n<\/ul>\n\n\n\n<p>Nous avons quitt\u00e9 l&rsquo;h\u00f4tel \u00e0 midi, direction l&rsquo;arr\u00eat de bus (situ\u00e9 en face de l&rsquo;agence commerciale de Altern\u00e9o) pour prendre la ligne en direction du Bloc. En effet, bien qu&rsquo;il y ait un parking au Bloc, point de d\u00e9part de la randonn\u00e9e, il n&rsquo;est pas recommand\u00e9 d&rsquo;y laisser sa voiture toute la nuit pour ne pas se la faire \u00ab\u00a0visiter\u00a0\u00bb. <\/p>\n\n\n\n<p>Une fois arriv\u00e9 au Bloc, \u00e0 13h, le profil de la randonn\u00e9e est assez simple : \u00e7a grimpe. <\/p>\n\n\n\n<p>Une premi\u00e8re fen\u00eatre au bout de 30 minutes permet de d\u00e9couvrir une partie du cirque, puis une petite aire am\u00e9nag\u00e9e avec de l&rsquo;eau de source appara\u00eet au bout d&rsquo;1h30 de marche. Une fois pass\u00e9e cette aire, il faut compter encore 2 bonnes heures de marche pour atteindre le g\u00eete. Nous arrivons au refuge un peu avant 18h. Nous avons donc mis 5 heures, pauses comprises.<\/p>\n\n\n\n<p>Une fois au refuge, on prend possession de notre dortoir, et on se rue vers l&rsquo;ap\u00e9ro. Le spot est magnifique ! A 18h30, le diner est servi. Ce fut carri poulet ou carri poisson. Les portions sont g\u00e9n\u00e9reuses. Il y a un dessert, et un petit rhum arrang\u00e9. Les boissons, elles, ne sont pas comprises.<\/p>\n\n\n\n<figure class=\"wp-block-gallery has-nested-images columns-default is-cropped wp-block-gallery-1 is-layout-flex wp-block-gallery-is-layout-flex\">\n<figure class=\"wp-block-image size-large\"><img loading=\"lazy\" decoding=\"async\" width=\"1024\" height=\"768\" data-id=\"533\" src=\"https:\/\/leschilkerz.com\/wp-content\/uploads\/2024\/01\/WhatsApp-Image-2024-01-07-at-16.05.17-5.jpeg\" alt=\"\" class=\"wp-image-533\" srcset=\"https:\/\/leschilkerz.com\/wp-content\/uploads\/2024\/01\/WhatsApp-Image-2024-01-07-at-16.05.17-5.jpeg 1024w, https:\/\/leschilkerz.com\/wp-content\/uploads\/2024\/01\/WhatsApp-Image-2024-01-07-at-16.05.17-5-300x225.jpeg 300w\" sizes=\"auto, (max-width: 1024px) 100vw, 1024px\" \/><\/figure>\n<\/figure>\n\n\n\n<p>A 20h30, tout le monde \u00e9tait au lit. Pour une nuit qui n&rsquo;en fut pas une, comme expliqu\u00e9 plus haut. En cela, sortir du lit \u00e0 2h45 n&rsquo;est pas tr\u00e8s compliqu\u00e9. On est m\u00eame heureux de quitter le refuge. On slalome entre les randonneurs-squatteurs qui ont envahi la salle \u00e0 manger, et on entame l&rsquo;ascension \u00e0 3h, \u00e0 la lampe frontale. Apr\u00e8s 2 heures de mont\u00e9e, on est au sommet. <em>Just in time <\/em>pour le lever du soleil, un peu avant 5h30. Au sommet, il y a beaucoup de monde, c&rsquo;est l&rsquo;effervescence et l&rsquo;aboutissement d&rsquo;une longue marche. Certains ont bivouaqu\u00e9 en haut de la montagne, d&rsquo;autres ont d\u00e9but\u00e9 l&rsquo;ascension au Bloc \u00e0 minuit afin d&rsquo;\u00eatre l\u00e0 pour le lever du soleil, bref, il y a autant de profils de randonneurs que de randonneurs pr\u00e9sents. <\/p>\n\n\n\n<figure class=\"wp-block-image aligncenter size-full\"><img loading=\"lazy\" decoding=\"async\" width=\"1024\" height=\"768\" src=\"https:\/\/leschilkerz.com\/wp-content\/uploads\/2024\/01\/WhatsApp-Image-2024-01-07-at-16.05.17-10.jpeg\" alt=\"\" class=\"wp-image-532\" srcset=\"https:\/\/leschilkerz.com\/wp-content\/uploads\/2024\/01\/WhatsApp-Image-2024-01-07-at-16.05.17-10.jpeg 1024w, https:\/\/leschilkerz.com\/wp-content\/uploads\/2024\/01\/WhatsApp-Image-2024-01-07-at-16.05.17-10-300x225.jpeg 300w\" sizes=\"auto, (max-width: 1024px) 100vw, 1024px\" \/><\/figure>\n\n\n\n<p>On profite du moment, puis vient l&rsquo;heure de la descente pour profiter du petit-d\u00e9jeuner au g\u00eete. 1h30 plus tard, on est de nouveau au refuge. On englouti notre petit-d\u00e9jeuner, et on repart pour une descente &#8211; avouons-le &#8211; plus facile que la mont\u00e9e, mais quand m\u00eame rude pour les genoux. <\/p>\n\n\n\n<p>Un peu moins de 3 heures plus tard, les jambes en vrac mais les endorphines \u00e0 donf, nous revenons au parking du Bloc, notre point de d\u00e9part. <\/p>\n\n\n\n<p>Deux options ici : faire du stop pour redescendre \u00e0 Cilaos ou attendre le bus, qui passe toutes les 2 heures environ&#8230; Mais peu importe, car, \u00e0 ce moment-l\u00e0, vous revenez du ciel et vous \u00eates encore sur votre petit nuage !<\/p>\n\n\n\n<p><\/p>\n","protected":false},"excerpt":{"rendered":"<p>Le Piton des neiges est une randonn\u00e9e mythique qui vous permettra d&rsquo;atteindre le toit de l&rsquo;\u00eele et de l&rsquo;oc\u00e9an Indien. Il s&rsquo;agit d&rsquo;une randonn\u00e9e class\u00e9e comme \u00ab\u00a0tr\u00e8s difficile\u00a0\u00bb, mais en prenant votre temps, nous ne doutons pas qu&rsquo;elle sera \u00e0 votre port\u00e9e ! Le temps de marche indiqu\u00e9, aller-retour, est de 8 heures. Attention, si, &hellip; <\/p>\n<p class=\"link-more\"><a href=\"https:\/\/leschilkerz.com\/index.php\/2024\/01\/07\/randonnee-au-piton-des-neiges\/\" class=\"more-link\">Lire la suite de<span class=\"screen-reader-text\">\u00ab\u00a0Randonn\u00e9e au Piton des neiges\u00a0\u00bb<\/span><\/a><\/p>\n","protected":false},"author":1,"featured_media":0,"comment_status":"open","ping_status":"open","sticky":false,"template":"","format":"standard","meta":{"footnotes":""},"categories":[1],"tags":[],"class_list":["post-531","post","type-post","status-publish","format-standard","hentry","category-non-classe"],"featured_media_urls":[],"_links":{"self":[{"href":"https:\/\/leschilkerz.com\/index.php\/wp-json\/wp\/v2\/posts\/531","targetHints":{"allow":["GET"]}}],"collection":[{"href":"https:\/\/leschilkerz.com\/index.php\/wp-json\/wp\/v2\/posts"}],"about":[{"href":"https:\/\/leschilkerz.com\/index.php\/wp-json\/wp\/v2\/types\/post"}],"author":[{"embeddable":true,"href":"https:\/\/leschilkerz.com\/index.php\/wp-json\/wp\/v2\/users\/1"}],"replies":[{"embeddable":true,"href":"https:\/\/leschilkerz.com\/index.php\/wp-json\/wp\/v2\/comments?post=531"}],"version-history":[{"count":2,"href":"https:\/\/leschilkerz.com\/index.php\/wp-json\/wp\/v2\/posts\/531\/revisions"}],"predecessor-version":[{"id":545,"href":"https:\/\/leschilkerz.com\/index.php\/wp-json\/wp\/v2\/posts\/531\/revisions\/545"}],"wp:attachment":[{"href":"https:\/\/leschilkerz.com\/index.php\/wp-json\/wp\/v2\/media?parent=531"}],"wp:term":[{"taxonomy":"category","embeddable":true,"href":"https:\/\/leschilkerz.com\/index.php\/wp-json\/wp\/v2\/categories?post=531"},{"taxonomy":"post_tag","embeddable":true,"href":"https:\/\/leschilkerz.com\/index.php\/wp-json\/wp\/v2\/tags?post=531"}],"curies":[{"name":"wp","href":"https:\/\/api.w.org\/{rel}","templated":true}]}}